[{"@context":"https:\/\/schema.org\/","@type":"Article","@id":"https:\/\/www.amatiel.cz\/odpocinte-si-v-kosmetickem-salonu\/#Article","mainEntityOfPage":"https:\/\/www.amatiel.cz\/odpocinte-si-v-kosmetickem-salonu\/","headline":"Odpo\u010di\u0148te si v kosmetick\u00e9m sal\u00f3nu","name":"Odpo\u010di\u0148te si v kosmetick\u00e9m sal\u00f3nu","description":"Pr\u00e1v\u011b kosmetick\u00fd sal\u00f3n v\u00e1m v p\u00e9\u010di o ple\u0165 pom\u016f\u017ee. Najd\u011bte si ale opravdu kvalitn\u00ed kosmetick\u00fd sal\u00f3n, ve kter\u00e9m se budete c\u00edtit dob\u0159e a p\u0159\u00edjemn\u011b, a bude se v\u00e1m v n\u011bm l\u00edbit. Samoz\u0159ejmost\u00ed je p\u0159\u00edjemn\u00e1 kosmeti\u010dka, se kterou prohod\u00edte p\u00e1r slov, a kter\u00e1 v\u00e1m porad\u00ed se spr\u00e1vnou p\u00e9\u010d\u00ed o ple\u0165. Nezbytnost\u00ed je \u010distota kosmetick\u00e9ho sal\u00f3nu a [&hellip;]","datePublished":"2018-11-14","dateModified":"2018-11-14","author":{"@type":"Person","@id":"https:\/\/www.amatiel.cz\/author\/#Person","name":"","url":"https:\/\/www.amatiel.cz\/author\/","identifier":1,"image":{"@type":"ImageObject","@id":"https:\/\/secure.gravatar.com\/avatar\/89f417dfbb336d235b856435ef935ffa51c2f646edc1f5c4e6fccf32a9c88173?s=96&d=mm&r=g","url":"https:\/\/secure.gravatar.com\/avatar\/89f417dfbb336d235b856435ef935ffa51c2f646edc1f5c4e6fccf32a9c88173?s=96&d=mm&r=g","height":96,"width":96}},"publisher":{"@type":"Organization","name":"amatiel.cz","logo":{"@type":"ImageObject","@id":"\/logo.png","url":"\/logo.png","width":600,"height":60}},"image":{"@type":"ImageObject","@id":"https:\/\/www.amatiel.cz\/wp-content\/uploads\/img_a308603_w1793_t1519674811.jpg","url":"https:\/\/www.amatiel.cz\/wp-content\/uploads\/img_a308603_w1793_t1519674811.jpg","height":0,"width":0},"url":"https:\/\/www.amatiel.cz\/odpocinte-si-v-kosmetickem-salonu\/","about":["Zbo\u017e\u00ed"],"wordCount":427,"articleBody":"         Pr\u00e1v\u011b kosmetick\u00fd sal\u00f3n v\u00e1m v p\u00e9\u010di o ple\u0165 pom\u016f\u017ee. Najd\u011bte si ale opravdu kvalitn\u00ed kosmetick\u00fd sal\u00f3n, ve kter\u00e9m se budete c\u00edtit dob\u0159e a p\u0159\u00edjemn\u011b, a bude se v\u00e1m v n\u011bm l\u00edbit. Samoz\u0159ejmost\u00ed je p\u0159\u00edjemn\u00e1 kosmeti\u010dka, se kterou prohod\u00edte p\u00e1r slov, a kter\u00e1 v\u00e1m porad\u00ed se spr\u00e1vnou p\u00e9\u010d\u00ed o ple\u0165. Nezbytnost\u00ed je \u010distota kosmetick\u00e9ho sal\u00f3nu a dodr\u017eov\u00e1n\u00ed z\u00e1kladn\u00edch hygienick\u00fdch pravidel, co\u017e znamen\u00e1 zejm\u00e9na myt\u00ed rukou p\u0159ed po\u010d\u00e1tkem jak\u00e9hokoliv o\u0161et\u0159en\u00ed, pou\u017e\u00edv\u00e1n\u00ed \u010dist\u00fdch a dezinfikovan\u00fdch n\u00e1stroj\u016f. Takov\u00fd sal\u00f3n m\u016f\u017eete naj\u00edt prost\u0159ednictv\u00edm doporu\u010den\u00ed kamar\u00e1dky, nebo metodou pokus omyl, kdy vyzkou\u0161\u00edte v\u00edce sal\u00f3nu a najdete si ten, kter\u00fd v\u00e1m bude nejv\u00edce sed\u011bt. V\u011bt\u0161inou jej pak toti\u017e nav\u0161t\u011bvujete pravideln\u011b po dobu n\u011bkolika let. Spr\u00e1vnou p\u00e9\u010di o ple\u0165 je pot\u0159eba zah\u00e1jit ji\u017e v brzk\u00e9m v\u011bku. D\u00edvky ve Francii chod\u00ed na kosmetiku ji\u017e od 15 let, proto\u017ee se zde uplat\u0148uje heslo, \u017ee kr\u00e1sn\u00e1 ple\u0165 mus\u00ed b\u00fdt zdrav\u00e1, vy\u017eiven\u00e1 a \u0161\u0165avnat\u00e1, teprve potom je jej\u00ed kr\u00e1sa podtrhnut\u00e1 l\u00ed\u010den\u00edm. Co v\u011bt\u0161inou komplexn\u00ed procedura v kosmetick\u00e9m sal\u00f3nu zahrnuje?  \u00b7 Vmas\u00edrov\u00e1n\u00ed \u010dist\u00edc\u00edho balz\u00e1mu, pomoc\u00ed n\u011bj\u017e dojde k otev\u0159en\u00ed p\u00f3ru, kter\u00e9 se pak sn\u00e1ze vy\u010dist\u00ed. \u00b7 \u010ci\u0161t\u011bn\u00ed p\u00f3r\u016f a peeling. \u00b7 Nanesen\u00ed masky, kter\u00e1 se nech\u00e1v\u00e1 p\u016fsobit okolo dvaceti minut a n\u00e1sledn\u011b se set\u0159e teplou \u017e\u00ednkou. \u00b7 Na konci procedury je ple\u0165 o\u0161et\u0159en\u00e1 balz\u00e1mem \u010di ple\u0165ov\u00fdm kr\u00e9mem. \u00b7 Sou\u010d\u00e1st\u00ed v\u0161ak m\u016f\u017ee b\u00fdt tak\u00e9 mas\u00e1\u017e obli\u010deje.  Tento v\u00fd\u010det je p\u0159ibli\u017en\u00fd, proto\u017ee se li\u0161\u00ed v ka\u017ed\u00e9m konkr\u00e9tn\u00edm sal\u00f3nu. N\u011bkde pak tedy obsahuje je\u0161t\u011b v\u00edce f\u00e1z\u00ed, n\u011bkde naopak m\u00e9n\u011b. V\u0161e se odv\u00edj\u00ed rovn\u011b\u017e podle ceny, kterou jste ochotn\u00ed do o\u0161et\u0159en\u00ed investovat. Zaru\u010den\u011b je v\u0161ak jist\u00e9, \u017ee v\u00e1m takov\u00e9 o\u0161et\u0159en\u00ed pleti dod\u00e1 obrovskou v\u00fd\u017eivu a vzpruhu, kterou jist\u011b tolik pot\u0159ebujete. Rovn\u011b\u017e si od kosmeti\u010dky m\u016f\u017eete vyslechnout rady, jak se spr\u00e1vn\u011b o ple\u0165 starat v prost\u0159ed\u00ed domova tak, abyste podpo\u0159ili v\u00fdsledn\u00fd efekt a prodlou\u017eili jeho trv\u00e1n\u00ed. Ve spolupr\u00e1ci s https:\/\/francouzske-parfemy.cz\/.                                                                                                                                                                                                                                                                                                                                                                                                  "},{"@context":"https:\/\/schema.org\/","@type":"BreadcrumbList","itemListElement":[{"@type":"ListItem","position":1,"name":"Odpo\u010di\u0148te si v kosmetick\u00e9m sal\u00f3nu","item":"https:\/\/www.amatiel.cz\/odpocinte-si-v-kosmetickem-salonu\/#breadcrumbitem"}]}]