[{"@context":"https:\/\/schema.org\/","@type":"Article","@id":"https:\/\/www.amatiel.cz\/laska-a-dite\/#Article","mainEntityOfPage":"https:\/\/www.amatiel.cz\/laska-a-dite\/","headline":"L\u00e1ska a d\u00edt\u011b","name":"L\u00e1ska a d\u00edt\u011b","description":"Kdy\u017e se \u0159ekne l\u00e1ska, tak co si p\u0159edstav\u00edte pod pojmem l\u00e1ska? Mnoho lid\u00ed si mysl\u00ed, \u017ee l\u00e1ska je hlavn\u011b jenom to, co je mezi mu\u017eem a \u017eenou, jenom\u017ee tohle je velik\u00fd omyl, taky existuje l\u00e1ska mezi rodi\u010di nebo p\u0159\u00e1teli a nebo tak\u00e9 mate\u0159sk\u00e1 l\u00e1ska. Pokud by v\u00e1s zaj\u00edmalo, co je podle m\u011b opravdu nejvy\u0161\u0161\u00ed, nejpevn\u011bj\u0161\u00ed [&hellip;]","datePublished":"2023-04-09","dateModified":"2023-04-09","author":{"@type":"Person","@id":"https:\/\/www.amatiel.cz\/author\/#Person","name":"","url":"https:\/\/www.amatiel.cz\/author\/","identifier":1,"image":{"@type":"ImageObject","@id":"https:\/\/secure.gravatar.com\/avatar\/89f417dfbb336d235b856435ef935ffa51c2f646edc1f5c4e6fccf32a9c88173?s=96&d=mm&r=g","url":"https:\/\/secure.gravatar.com\/avatar\/89f417dfbb336d235b856435ef935ffa51c2f646edc1f5c4e6fccf32a9c88173?s=96&d=mm&r=g","height":96,"width":96}},"publisher":{"@type":"Organization","name":"amatiel.cz","logo":{"@type":"ImageObject","@id":"\/logo.png","url":"\/logo.png","width":600,"height":60}},"image":{"@type":"ImageObject","@id":"https:\/\/www.amatiel.cz\/wp-content\/uploads\/baby-1867177_1280.jpg","url":"https:\/\/www.amatiel.cz\/wp-content\/uploads\/baby-1867177_1280.jpg","height":0,"width":0},"url":"https:\/\/www.amatiel.cz\/laska-a-dite\/","about":["L\u00e1ska"],"wordCount":441,"articleBody":"Kdy\u017e se \u0159ekne l\u00e1ska, tak co si p\u0159edstav\u00edte pod pojmem l\u00e1ska? Mnoho lid\u00ed si mysl\u00ed, \u017ee l\u00e1ska je hlavn\u011b jenom to, co je mezi mu\u017eem a \u017eenou, jenom\u017ee tohle je velik\u00fd omyl, taky existuje l\u00e1ska mezi rodi\u010di nebo p\u0159\u00e1teli a nebo tak\u00e9 mate\u0159sk\u00e1 l\u00e1ska. Pokud by v\u00e1s zaj\u00edmalo, co je podle m\u011b opravdu nejvy\u0161\u0161\u00ed, nejpevn\u011bj\u0161\u00ed l\u00e1ska, tak podle m\u00e9ho n\u00e1zoru to\u00a0bude asi ta mate\u0159sk\u00e1 l\u00e1ska, proto\u017ee j\u00e1 jsem m\u00e1ma. M\u00e1m sice jenom jedno\u00a0d\u00edt\u011b, kter\u00e9mu je sedm\u00a0let, ale \u0159eknu v\u00e1m, \u017ee je ta mate\u0159sk\u00e1 l\u00e1ska je tak opravdu hodn\u011b siln\u00e1, \u017ee si\u00a0to ani nedok\u00e1\u017eete p\u0159edstavit.V\u00e1\u017en\u011b u\u017e nev\u00edm, co bych d\u011blala, kdybych nem\u011bla sv\u00e9ho milovan\u00e9ho syna, jsem na n\u011bj tak zvykl\u00e1, \u017ee a\u017e to bol\u00ed, mo\u017en\u00e1 je to t\u00edm, \u017ee jsem na syna sama a st\u00e1le jsme jenom spolu. Nem\u00e1m ani moc p\u0159\u00e1tel, tak\u017ee si mysl\u00edm, \u017ee mate\u0159sk\u00e1 l\u00e1ska je pro m\u011b opravdu hodn\u011b d\u016fle\u017eit\u00e1. Mo\u017en\u00e1 je to takov\u00e1 opi\u010d\u00ed l\u00e1ska, \u017ee syna jenom st\u00e1le chr\u00e1n\u00edm a chci b\u00fdt jenom s n\u00edm. Se\u00a0synem d\u011bl\u00e1me opravdu v\u0161echno, malujeme, chod\u00edme na v\u00fdlety, sportujeme. Mysl\u00edm si, \u017ee syn je u\u017e skoro jako j\u00e1.Pokud tak\u00e9 m\u00e1te d\u00edt\u011b a v\u00edte, jak\u00e1 je mate\u0159sk\u00e1 l\u00e1ska, tak ur\u010dit\u011b mi d\u00e1te za pravdu, \u017ee je to siln\u011bj\u0161\u00ed, ne\u017e l\u00e1ska partnersk\u00e1 a nebo jak\u00e1koliv jin\u00e1 l\u00e1ska. Mysl\u00edm si, \u017ee kdybych u\u017e nemohla m\u00edt \u017e\u00e1dn\u00e9 d\u00edt\u011b, byla bych z toho zklaman\u00e1, proto\u017ee je\u0161t\u011b jedno\u00a0d\u00edt\u011b bych si p\u0159\u00e1la. U\u017e o d\u00edt\u011bti s n\u00edm t\u0159i roky, ale bohu\u017eel nem\u00e1m \u017e\u00e1dn\u00e9ho partnera, se kter\u00fdm bych mohla m\u00edt d\u00edt\u011b a mohla podruh\u00e9 c\u00edtit mate\u0159skou l\u00e1sku. Nev\u00edm jak vy, ale m\u011b\u00a0trv\u00e1 opravdu hodn\u011b dlouho, ne\u017e se zamiluj\u00ed do n\u011bjak\u00e9ho mu\u017ee. Nev\u00edm \u010d\u00edm to je, ale mo\u017en\u00e1 je to t\u00edm, \u017ee jsem si pro\u0161la u\u017e dv\u011bma\u00a0bolestiv\u00fdmi rozchody a dv\u011bma\u00a0agresivn\u00edmi partnery, \u017ee u\u017e asi moje du\u0161e a nebo moje srdce mi nedovol\u00ed, abych se zamilovala jenom tak lehce. Uvid\u00edm co bude tento rok. Tento rok m\u00e1 m\u00edt podle horoskopu \u0161t\u011bst\u00ed, tak uvid\u00edm, jestli mi tento rok p\u0159inese l\u00e1sku.\u00a0                                                                                                                                                                                                                                                                                                                                                                                                "},{"@context":"https:\/\/schema.org\/","@type":"BreadcrumbList","itemListElement":[{"@type":"ListItem","position":1,"name":"L\u00e1ska a d\u00edt\u011b","item":"https:\/\/www.amatiel.cz\/laska-a-dite\/#breadcrumbitem"}]}]